{"id":786,"date":"2022-10-21T08:00:51","date_gmt":"2022-10-21T08:00:51","guid":{"rendered":"https:\/\/www.fyziomarketa.cz\/?p=786"},"modified":"2026-04-08T08:22:29","modified_gmt":"2026-04-08T08:22:29","slug":"poprve-u-fyzioterapeuta","status":"publish","type":"post","link":"https:\/\/www.fyziomarketa.cz\/index.php\/2022\/10\/21\/poprve-u-fyzioterapeuta\/","title":{"rendered":"Poprv\u00e9 u fyzioterapeuta?"},"content":{"rendered":"\n<p>V\u0161echno je jednou poprv\u00e9, tak\u017ee i n\u00e1v\u0161t\u011bva u fyzioterapeuta je jednou poprv\u00e9. U\u017e jste se rozhodli, \u017ee vyraz\u00edte na fyzioterapii, ale nev\u00edte, co ta rehabilitace vlastn\u011b je. <\/p>\n\n\n\n<p>Mo\u017en\u00e1 V\u00e1m hlavou l\u00edt\u00e1 plno ot\u00e1zek, jako t\u0159eba: &#8222;Co si m\u00e1m vz\u00edt s sebou?&#8220; &#8222;T\u00fd\u00fdjo, n\u011bkdo m\u011b bude pozorovat.&#8220; &#8222;Budu se muset svl\u00edkat?&#8220; &#8222;M\u016f\u017eu si vz\u00edt sportovn\u00ed kra\u0165asy?&#8220; &#8222;Co kdy\u017e to bude bolet?&#8220;<\/p>\n\n\n\n<p>P\u0159i prvn\u00ed n\u00e1v\u0161t\u011bv\u011b, potom, co si odlo\u017e\u00edte boty a pod\u00e1me si ruku na p\u0159iv\u00edtanou, se posad\u00edme ke stolu a u vody, k\u00e1vy nebo \u010daje se pobav\u00edme o tom, s jak\u00fdm probl\u00e9mem p\u0159ich\u00e1z\u00edte, jestli jste m\u011bli \u00faraz, jestli berete n\u011bjak\u00e9 l\u00e9ky nebo \u010d\u00edm trp\u00ed nebo trp\u011bli va\u0161e rodi\u010de. Pt\u00e1m se d\u016fkladn\u011b, proto\u017ee i z na\u0161eho rozhovoru l\u00e9pe odhadneme, cp je hlavn\u00ed p\u0159\u00ed\u010dinou Va\u0161ich obt\u00ed\u017e\u00ed a jak V\u00e1m mohu pomoct.<\/p>\n\n\n\n<p>V podstat\u011b je to takov\u00fd velmi intimn\u00ed pohovor na za\u010d\u00e1tek, ale nebojte, v\u0161echny informace z\u016fstanou v ordinaci.<\/p>\n\n\n\n<p>Potom V\u00e1s vy\u0161et\u0159\u00edm.  Z\u00e1le\u017e\u00ed s jak\u00fdm probl\u00e9mem na rehabilitaci p\u0159ich\u00e1z\u00edte, ale v\u011bt\u0161inou je nutn\u00e9 svl\u00e9knout se do spodn\u00edho pr\u00e1dla, abychom my, fyzioterapeuti, provedli skute\u010dn\u011b komplexn\u00ed vy\u0161et\u0159en\u00ed.<\/p>\n\n\n\n<p>Na z\u00e1klad\u011b \u00favodn\u00ed diagnostiky, tedy toho, kde je z\u00e1kladn\u00ed probl\u00e9m, navrhnu l\u00e9\u010dbu a pust\u00edme se do akce.<\/p>\n\n\n\n<p>Nyn\u00ed kolem V\u00e1s budu poletovat jako v\u010dela kolem kv\u011btu, mo\u017en\u00e1 se tv\u00e1\u0159it zaduman\u011b nebo si mluvit pro sebe. Do toho sah\u00e1m tady a t\u00e1mhle. NED\u011aSTE SE! Nechceme V\u00e1s nep\u0159\u00edjemn\u011b osah\u00e1vat, pot\u0159ebujeme si akor\u00e1t zjistit svalov\u00e9 nap\u011bt\u00ed, postaven\u00ed va\u0161\u00ed p\u00e1nve nebo se pod\u00edvat na k\u0159ivku p\u00e1te\u0159e, aby n\u00e1v\u0161t\u011bva fyzioterapie a n\u00e1sledn\u00e1 rehabilitace byla co nej\u00fa\u010dinn\u011bj\u0161\u00ed.<\/p>\n\n\n\n<p>Ob\u010das pot\u0159ebuju, abyste le\u017eeli na z\u00e1dech, pak zas na b\u0159i\u0161e nebo na boku. Kdy\u017e V\u00e1m \u0159eknu : &#8222;Tady se op\u0159ete nebo tady mi zatla\u010dte.&#8220; A vy hned nebudete v\u011bd\u011bt, co po v\u00e1s chci, to je v naprost\u00e9m po\u0159\u00e1dku.<\/p>\n\n\n\n<p>N\u011bkdy se stane, \u017ee V\u00e1m rozd\u00e1m dom\u00e1c\u00ed \u00fakoly, vy p\u0159jdete dom\u016f a pamatujete si sotva polovinu. To je naprosto b\u011b\u017en\u00e1 praxe. Proto je dobr\u00e9 alespo\u0148 ze za\u010d\u00e1tku p\u0159ij\u00edt za t\u00fdden, maxim\u00e1ln\u011b za dva, abyste se nau\u010dili se sv\u00fdm t\u011blem pracovat spr\u00e1vn\u011b, kdy\u017e u\u017e do cel\u00e9ho procesu rehabilitace investujete \u010das a pen\u00edze.<em>&nbsp;J\u00e1 m\u00e1m taky svoji osobn\u00ed fyzioterapeutku, ke kter\u00e9 pravideln\u011b doch\u00e1z\u00edm na kontroly!<\/em><\/p>\n\n\n\n<p>Tak\u017ee pokud nechcete sv\u00e9 probl\u00e9my valit p\u0159ed sebou, tak se tady objednejte:<\/p>\n\n\n\n<div class=\"wp-container-1 wp-block-buttons\">\n<div class=\"wp-block-button\"><a class=\"wp-block-button__link\" href=\"https:\/\/mgr-marketa-matouskova.reservio.com\" target=\"_blank\" rel=\"noreferrer noopener\">REZERVACE TERM\u00cdNU NA FYZIOTERAPII<\/a><\/div>\n<\/div>\n\n\n\n<p><\/p>\n","protected":false},"excerpt":{"rendered":"<p>V\u0161echno je jednou poprv\u00e9, tak\u017ee i n\u00e1v\u0161t\u011bva u fyzioterapeuta je jednou poprv\u00e9. U\u017e jste se rozhodli, \u017ee vyraz\u00edte na fyzioterapii, ale nev\u00edte, co ta rehabilitace vlastn\u011b je. Mo\u017en\u00e1 V\u00e1m hlavou &hellip; <\/p>\n","protected":false},"author":1,"featured_media":678,"comment_status":"open","ping_status":"open","sticky":false,"template":"","format":"standard","meta":[],"categories":[5],"tags":[9,12,11,8],"_links":{"self":[{"href":"https:\/\/www.fyziomarketa.cz\/index.php\/wp-json\/wp\/v2\/posts\/786"}],"collection":[{"href":"https:\/\/www.fyziomarketa.cz\/index.php\/wp-json\/wp\/v2\/posts"}],"about":[{"href":"https:\/\/www.fyziomarketa.cz\/index.php\/wp-json\/wp\/v2\/types\/post"}],"author":[{"embeddable":true,"href":"https:\/\/www.fyziomarketa.cz\/index.php\/wp-json\/wp\/v2\/users\/1"}],"replies":[{"embeddable":true,"href":"https:\/\/www.fyziomarketa.cz\/index.php\/wp-json\/wp\/v2\/comments?post=786"}],"version-history":[{"count":3,"href":"https:\/\/www.fyziomarketa.cz\/index.php\/wp-json\/wp\/v2\/posts\/786\/revisions"}],"predecessor-version":[{"id":978,"href":"https:\/\/www.fyziomarketa.cz\/index.php\/wp-json\/wp\/v2\/posts\/786\/revisions\/978"}],"wp:featuredmedia":[{"embeddable":true,"href":"https:\/\/www.fyziomarketa.cz\/index.php\/wp-json\/wp\/v2\/media\/678"}],"wp:attachment":[{"href":"https:\/\/www.fyziomarketa.cz\/index.php\/wp-json\/wp\/v2\/media?parent=786"}],"wp:term":[{"taxonomy":"category","embeddable":true,"href":"https:\/\/www.fyziomarketa.cz\/index.php\/wp-json\/wp\/v2\/categories?post=786"},{"taxonomy":"post_tag","embeddable":true,"href":"https:\/\/www.fyziomarketa.cz\/index.php\/wp-json\/wp\/v2\/tags?post=786"}],"curies":[{"name":"wp","href":"https:\/\/api.w.org\/{rel}","templated":true}]}}